{"id":2939,"date":"2024-06-28T15:28:38","date_gmt":"2024-06-28T14:28:38","guid":{"rendered":"https:\/\/klantenservice.corendon.nl\/cbe-fr\/?p=2939"},"modified":"2024-06-28T15:28:38","modified_gmt":"2024-06-28T14:28:38","slug":"il-est-indique-2359-comme-heure-de-depart-sur-mon-billet-est-ce-correct","status":"publish","type":"post","link":"https:\/\/klantenservice.corendon.nl\/cbe-fr\/votre-vol\/il-est-indique-2359-comme-heure-de-depart-sur-mon-billet-est-ce-correct\/","title":{"rendered":"Il est indiqu\u00e9 23:59 comme heure de d\u00e9part sur mon billet, est-ce correct?"},"content":{"rendered":"<ul>\n<li>Avec une heure de vol fix\u00e9e \u00e0 23h59, le vol part g\u00e9n\u00e9ralement apr\u00e8s minuit.<\/li>\n<li>Cette information est souvent utilis\u00e9e par les voyagistes n\u00e9erlandais pour des raisons techniques.<\/li>\n<li>Une mention apr\u00e8s minuit entra\u00eenerait automatiquement le calcul d&#8217;une nuit suppl\u00e9mentaire.<\/li>\n<li>Sur place, suivant les disponibilit\u00e9s et moyennant un suppl\u00e9ment, il est possible d&#8217;organiser un d\u00e9part tardif de votre chambre.<\/li>\n<li>Entre 6 semaines et 5 heures avant le d\u00e9part, vous pouvez v\u00e9rifier l&#8217;heure de d\u00e9part r\u00e9elle (sous r\u00e9serve de modifications) sur fly.corendon.com. L&#8217;heure d&#8217;arriv\u00e9e indiqu\u00e9e sur les billets est l&#8217;heure exacte.<\/li>\n<\/ul>\n","protected":false},"excerpt":{"rendered":"<p>Avec une heure de vol fix\u00e9e \u00e0 23h59, le vol part g\u00e9n\u00e9ralement apr\u00e8s minuit. Cette information est souvent utilis\u00e9e par les voyagistes n\u00e9erlandais pour des raisons techniques. Une mention apr\u00e8s minuit entra\u00eenerait automatiquement le calcul d&#8217;une nuit suppl\u00e9mentaire. Sur place, suivant les disponibilit\u00e9s et moyennant un suppl\u00e9ment, il est possible d&#8217;organiser un d\u00e9part tardif de [&hellip;]<\/p>\n","protected":false},"author":46,"featured_media":0,"comment_status":"closed","ping_status":"closed","sticky":false,"template":"","format":"standard","meta":{"footnotes":""},"categories":[411],"tags":[],"class_list":["post-2939","post","type-post","status-publish","format-standard","hentry","category-votre-vol"],"yoast_head":"<!-- This site is optimized with the Yoast SEO plugin v26.0 - https:\/\/yoast.com\/wordpress\/plugins\/seo\/ -->\n<title>Il est indiqu\u00e9 23:59 comme heure de d\u00e9part sur mon billet, est-ce correct? - Corendon Service Client (FR)<\/title>\n<meta name=\"robots\" content=\"index, follow, max-snippet:-1, max-image-preview:large, max-video-preview:-1\" \/>\n<link rel=\"canonical\" href=\"https:\/\/fr.corendon.be\/poser\/votre-vol\/il-est-indique-2359-comme-heure-de-depart-sur-mon-billet-est-ce-correct\/\" \/>\n<meta property=\"og:locale\" content=\"fr_FR\" \/>\n<meta property=\"og:type\" content=\"article\" \/>\n<meta property=\"og:title\" content=\"Il est indiqu\u00e9 23:59 comme heure de d\u00e9part sur mon billet, est-ce correct? - Corendon Service Client (FR)\" \/>\n<meta property=\"og:description\" content=\"Avec une heure de vol fix\u00e9e \u00e0 23h59, le vol part g\u00e9n\u00e9ralement apr\u00e8s minuit. Cette information est souvent utilis\u00e9e par les voyagistes n\u00e9erlandais pour des raisons techniques. Une mention apr\u00e8s minuit entra\u00eenerait automatiquement le calcul d&#8217;une nuit suppl\u00e9mentaire. Sur place, suivant les disponibilit\u00e9s et moyennant un suppl\u00e9ment, il est possible d&#8217;organiser un d\u00e9part tardif de [&hellip;]\" \/>\n<meta property=\"og:url\" content=\"https:\/\/klantenservice.corendon.nl\/cbe-fr\/votre-vol\/il-est-indique-2359-comme-heure-de-depart-sur-mon-billet-est-ce-correct\/\" \/>\n<meta property=\"og:site_name\" content=\"Corendon Service Client (FR)\" \/>\n<meta property=\"article:published_time\" content=\"2024-06-28T14:28:38+00:00\" \/>\n<meta name=\"author\" content=\"lisavanbruggen\" \/>\n<meta name=\"twitter:card\" content=\"summary_large_image\" \/>\n<meta name=\"twitter:label1\" content=\"Written by\" \/>\n\t<meta name=\"twitter:data1\" content=\"lisavanbruggen\" \/>\n\t<meta name=\"twitter:label2\" content=\"Est. reading time\" \/>\n\t<meta name=\"twitter:data2\" content=\"1 minute\" \/>\n<script type=\"application\/ld+json\" class=\"yoast-schema-graph\">{\"@context\":\"https:\/\/schema.org\",\"@graph\":[{\"@type\":\"WebPage\",\"@id\":\"https:\/\/klantenservice.corendon.nl\/cbe-fr\/votre-vol\/il-est-indique-2359-comme-heure-de-depart-sur-mon-billet-est-ce-correct\/\",\"url\":\"https:\/\/klantenservice.corendon.nl\/cbe-fr\/votre-vol\/il-est-indique-2359-comme-heure-de-depart-sur-mon-billet-est-ce-correct\/\",\"name\":\"Il est indiqu\u00e9 23:59 comme heure de d\u00e9part sur mon billet, est-ce correct? - Corendon Service Client (FR)\",\"isPartOf\":{\"@id\":\"https:\/\/klantenservice.corendon.nl\/cbe-fr\/#website\"},\"datePublished\":\"2024-06-28T14:28:38+00:00\",\"author\":{\"@id\":\"https:\/\/klantenservice.corendon.nl\/cbe-fr\/#\/schema\/person\/c30fb1c442895151482e198d244c5ee3\"},\"breadcrumb\":{\"@id\":\"https:\/\/klantenservice.corendon.nl\/cbe-fr\/votre-vol\/il-est-indique-2359-comme-heure-de-depart-sur-mon-billet-est-ce-correct\/#breadcrumb\"},\"inLanguage\":\"fr-FR\",\"potentialAction\":[{\"@type\":\"ReadAction\",\"target\":[\"https:\/\/klantenservice.corendon.nl\/cbe-fr\/votre-vol\/il-est-indique-2359-comme-heure-de-depart-sur-mon-billet-est-ce-correct\/\"]}]},{\"@type\":\"BreadcrumbList\",\"@id\":\"https:\/\/klantenservice.corendon.nl\/cbe-fr\/votre-vol\/il-est-indique-2359-comme-heure-de-depart-sur-mon-billet-est-ce-correct\/#breadcrumb\",\"itemListElement\":[{\"@type\":\"ListItem\",\"position\":1,\"name\":\"Home\",\"item\":\"https:\/\/klantenservice.corendon.nl\/cbe-fr\/\"},{\"@type\":\"ListItem\",\"position\":2,\"name\":\"Il est indiqu\u00e9 23:59 comme heure de d\u00e9part sur mon billet, est-ce correct?\"}]},{\"@type\":\"WebSite\",\"@id\":\"https:\/\/klantenservice.corendon.nl\/cbe-fr\/#website\",\"url\":\"https:\/\/klantenservice.corendon.nl\/cbe-fr\/\",\"name\":\"Corendon Service Client (FR)\",\"description\":\"Op deze pagina vindt u vrijwel alle antwoorden op vragen met betrekking tot het boeken van uw vakantie\",\"potentialAction\":[{\"@type\":\"SearchAction\",\"target\":{\"@type\":\"EntryPoint\",\"urlTemplate\":\"https:\/\/klantenservice.corendon.nl\/cbe-fr\/?s={search_term_string}\"},\"query-input\":{\"@type\":\"PropertyValueSpecification\",\"valueRequired\":true,\"valueName\":\"search_term_string\"}}],\"inLanguage\":\"fr-FR\"},{\"@type\":\"Person\",\"@id\":\"https:\/\/klantenservice.corendon.nl\/cbe-fr\/#\/schema\/person\/c30fb1c442895151482e198d244c5ee3\",\"name\":\"lisavanbruggen\",\"image\":{\"@type\":\"ImageObject\",\"inLanguage\":\"fr-FR\",\"@id\":\"https:\/\/klantenservice.corendon.nl\/cbe-fr\/#\/schema\/person\/image\/\",\"url\":\"https:\/\/secure.gravatar.com\/avatar\/7780610b38b8509dc139c6334262a261bc2660a02eebea76db7ac50ec657799f?s=96&d=mm&r=g\",\"contentUrl\":\"https:\/\/secure.gravatar.com\/avatar\/7780610b38b8509dc139c6334262a261bc2660a02eebea76db7ac50ec657799f?s=96&d=mm&r=g\",\"caption\":\"lisavanbruggen\"},\"url\":\"https:\/\/klantenservice.corendon.nl\/cbe-fr\/author\/lisavanbruggen\/\"}]}<\/script>\n<!-- \/ Yoast SEO plugin. -->","yoast_head_json":{"title":"Il est indiqu\u00e9 23:59 comme heure de d\u00e9part sur mon billet, est-ce correct? - Corendon Service Client (FR)","robots":{"index":"index","follow":"follow","max-snippet":"max-snippet:-1","max-image-preview":"max-image-preview:large","max-video-preview":"max-video-preview:-1"},"canonical":"https:\/\/fr.corendon.be\/poser\/votre-vol\/il-est-indique-2359-comme-heure-de-depart-sur-mon-billet-est-ce-correct\/","og_locale":"fr_FR","og_type":"article","og_title":"Il est indiqu\u00e9 23:59 comme heure de d\u00e9part sur mon billet, est-ce correct? - Corendon Service Client (FR)","og_description":"Avec une heure de vol fix\u00e9e \u00e0 23h59, le vol part g\u00e9n\u00e9ralement apr\u00e8s minuit. Cette information est souvent utilis\u00e9e par les voyagistes n\u00e9erlandais pour des raisons techniques. Une mention apr\u00e8s minuit entra\u00eenerait automatiquement le calcul d&#8217;une nuit suppl\u00e9mentaire. Sur place, suivant les disponibilit\u00e9s et moyennant un suppl\u00e9ment, il est possible d&#8217;organiser un d\u00e9part tardif de [&hellip;]","og_url":"https:\/\/klantenservice.corendon.nl\/cbe-fr\/votre-vol\/il-est-indique-2359-comme-heure-de-depart-sur-mon-billet-est-ce-correct\/","og_site_name":"Corendon Service Client (FR)","article_published_time":"2024-06-28T14:28:38+00:00","author":"lisavanbruggen","twitter_card":"summary_large_image","twitter_misc":{"Written by":"lisavanbruggen","Est. reading time":"1 minute"},"schema":{"@context":"https:\/\/schema.org","@graph":[{"@type":"WebPage","@id":"https:\/\/klantenservice.corendon.nl\/cbe-fr\/votre-vol\/il-est-indique-2359-comme-heure-de-depart-sur-mon-billet-est-ce-correct\/","url":"https:\/\/klantenservice.corendon.nl\/cbe-fr\/votre-vol\/il-est-indique-2359-comme-heure-de-depart-sur-mon-billet-est-ce-correct\/","name":"Il est indiqu\u00e9 23:59 comme heure de d\u00e9part sur mon billet, est-ce correct? - Corendon Service Client (FR)","isPartOf":{"@id":"https:\/\/klantenservice.corendon.nl\/cbe-fr\/#website"},"datePublished":"2024-06-28T14:28:38+00:00","author":{"@id":"https:\/\/klantenservice.corendon.nl\/cbe-fr\/#\/schema\/person\/c30fb1c442895151482e198d244c5ee3"},"breadcrumb":{"@id":"https:\/\/klantenservice.corendon.nl\/cbe-fr\/votre-vol\/il-est-indique-2359-comme-heure-de-depart-sur-mon-billet-est-ce-correct\/#breadcrumb"},"inLanguage":"fr-FR","potentialAction":[{"@type":"ReadAction","target":["https:\/\/klantenservice.corendon.nl\/cbe-fr\/votre-vol\/il-est-indique-2359-comme-heure-de-depart-sur-mon-billet-est-ce-correct\/"]}]},{"@type":"BreadcrumbList","@id":"https:\/\/klantenservice.corendon.nl\/cbe-fr\/votre-vol\/il-est-indique-2359-comme-heure-de-depart-sur-mon-billet-est-ce-correct\/#breadcrumb","itemListElement":[{"@type":"ListItem","position":1,"name":"Home","item":"https:\/\/klantenservice.corendon.nl\/cbe-fr\/"},{"@type":"ListItem","position":2,"name":"Il est indiqu\u00e9 23:59 comme heure de d\u00e9part sur mon billet, est-ce correct?"}]},{"@type":"WebSite","@id":"https:\/\/klantenservice.corendon.nl\/cbe-fr\/#website","url":"https:\/\/klantenservice.corendon.nl\/cbe-fr\/","name":"Corendon Service Client (FR)","description":"Op deze pagina vindt u vrijwel alle antwoorden op vragen met betrekking tot het boeken van uw vakantie","potentialAction":[{"@type":"SearchAction","target":{"@type":"EntryPoint","urlTemplate":"https:\/\/klantenservice.corendon.nl\/cbe-fr\/?s={search_term_string}"},"query-input":{"@type":"PropertyValueSpecification","valueRequired":true,"valueName":"search_term_string"}}],"inLanguage":"fr-FR"},{"@type":"Person","@id":"https:\/\/klantenservice.corendon.nl\/cbe-fr\/#\/schema\/person\/c30fb1c442895151482e198d244c5ee3","name":"lisavanbruggen","image":{"@type":"ImageObject","inLanguage":"fr-FR","@id":"https:\/\/klantenservice.corendon.nl\/cbe-fr\/#\/schema\/person\/image\/","url":"https:\/\/secure.gravatar.com\/avatar\/7780610b38b8509dc139c6334262a261bc2660a02eebea76db7ac50ec657799f?s=96&d=mm&r=g","contentUrl":"https:\/\/secure.gravatar.com\/avatar\/7780610b38b8509dc139c6334262a261bc2660a02eebea76db7ac50ec657799f?s=96&d=mm&r=g","caption":"lisavanbruggen"},"url":"https:\/\/klantenservice.corendon.nl\/cbe-fr\/author\/lisavanbruggen\/"}]}},"_links":{"self":[{"href":"https:\/\/klantenservice.corendon.nl\/cbe-fr\/wp-json\/wp\/v2\/posts\/2939","targetHints":{"allow":["GET"]}}],"collection":[{"href":"https:\/\/klantenservice.corendon.nl\/cbe-fr\/wp-json\/wp\/v2\/posts"}],"about":[{"href":"https:\/\/klantenservice.corendon.nl\/cbe-fr\/wp-json\/wp\/v2\/types\/post"}],"author":[{"embeddable":true,"href":"https:\/\/klantenservice.corendon.nl\/cbe-fr\/wp-json\/wp\/v2\/users\/46"}],"replies":[{"embeddable":true,"href":"https:\/\/klantenservice.corendon.nl\/cbe-fr\/wp-json\/wp\/v2\/comments?post=2939"}],"version-history":[{"count":1,"href":"https:\/\/klantenservice.corendon.nl\/cbe-fr\/wp-json\/wp\/v2\/posts\/2939\/revisions"}],"predecessor-version":[{"id":2940,"href":"https:\/\/klantenservice.corendon.nl\/cbe-fr\/wp-json\/wp\/v2\/posts\/2939\/revisions\/2940"}],"wp:attachment":[{"href":"https:\/\/klantenservice.corendon.nl\/cbe-fr\/wp-json\/wp\/v2\/media?parent=2939"}],"wp:term":[{"taxonomy":"category","embeddable":true,"href":"https:\/\/klantenservice.corendon.nl\/cbe-fr\/wp-json\/wp\/v2\/categories?post=2939"},{"taxonomy":"post_tag","embeddable":true,"href":"https:\/\/klantenservice.corendon.nl\/cbe-fr\/wp-json\/wp\/v2\/tags?post=2939"}],"curies":[{"name":"wp","href":"https:\/\/api.w.org\/{rel}","templated":true}]}}