{"id":2818,"date":"2024-06-12T14:25:07","date_gmt":"2024-06-12T13:25:07","guid":{"rendered":"https:\/\/klantenservice.corendon.nl\/cbe-fr\/?p=2818"},"modified":"2024-06-12T14:44:14","modified_gmt":"2024-06-12T13:44:14","slug":"puis-je-voyager-avec-un-platre","status":"publish","type":"post","link":"https:\/\/klantenservice.corendon.nl\/cbe-fr\/mobilite-reduite\/puis-je-voyager-avec-un-platre\/","title":{"rendered":"Puis-je voyager avec un pl\u00e2tre?"},"content":{"rendered":"<ul>\n<li>Lorsque vous prenez l&#8217;avion avec un pl\u00e2tre, faites attention aux diff\u00e9rences de pression dans la cabine. Les pl\u00e2tres ferm\u00e9s peuvent devenir plus serr\u00e9s en raison du gonflement des mains et des pieds. Envisagez de contacter votre sp\u00e9cialiste (ayant plac\u00e9 le pl\u00e2tre ou m\u00e9decin) pour trouver une solution telle qu&#8217;une attelle, une orth\u00e8se ou un pl\u00e2tre amovible afin de r\u00e9duire l&#8217;inconfort. Il peut \u00e9galement \u00eatre utile de faire fendre le pl\u00e2tre ou de le couper dans le sens de la longueur.<\/li>\n<li>Prendre l&#8217;avion avec un pl\u00e2tre ferm\u00e9 ne doit se faire qu&#8217;apr\u00e8s avoir consult\u00e9 et obtenu l&#8217;accord d&#8217;un m\u00e9decin, ainsi qu&#8217;un certificat m\u00e9dical attestant que le pl\u00e2tre peut \u00eatre utilis\u00e9 en toute s\u00e9curit\u00e9 dans une cabine pressuris\u00e9e.<\/li>\n<li>Corendon Airlines (XC ou XR) et Corendon Dutch Airlines (CD) ne proposent pas de \u00ab service de repose-jambes \u00bb. Il n&#8217;est pas possible de s&#8217;asseoir avec la jambe lev\u00e9e pendant le vol. Pour des raisons de s\u00e9curit\u00e9, vous devez vous asseoir droit pendant le d\u00e9collage et l&#8217;atterrissage. Si cela n&#8217;est pas possible, il est malheureusement interdit de prendre l&#8217;avion.<\/li>\n<li>Pour plus d&#8217;informations sur les vols avec pl\u00e2tre sur d&#8217;autres compagnies a\u00e9riennes, veuillez vous r\u00e9f\u00e9rer \u00e0 leurs r\u00e9glementations.<\/li>\n<\/ul>\n","protected":false},"excerpt":{"rendered":"<p>Lorsque vous prenez l&#8217;avion avec un pl\u00e2tre, faites attention aux diff\u00e9rences de pression dans la cabine. Les pl\u00e2tres ferm\u00e9s peuvent devenir plus serr\u00e9s en raison du gonflement des mains et des pieds. Envisagez de contacter votre sp\u00e9cialiste (ayant plac\u00e9 le pl\u00e2tre ou m\u00e9decin) pour trouver une solution telle qu&#8217;une attelle, une orth\u00e8se ou un pl\u00e2tre [&hellip;]<\/p>\n","protected":false},"author":46,"featured_media":0,"comment_status":"closed","ping_status":"closed","sticky":false,"template":"","format":"standard","meta":{"footnotes":""},"categories":[443],"tags":[],"class_list":["post-2818","post","type-post","status-publish","format-standard","hentry","category-mobilite-reduite"],"yoast_head":"<!-- This site is optimized with the Yoast SEO plugin v26.0 - https:\/\/yoast.com\/wordpress\/plugins\/seo\/ -->\n<title>Puis-je voyager avec un pl\u00e2tre? - Corendon Service Client (FR)<\/title>\n<meta name=\"robots\" content=\"index, follow, max-snippet:-1, max-image-preview:large, max-video-preview:-1\" \/>\n<link rel=\"canonical\" href=\"https:\/\/fr.corendon.be\/poser\/mobilite-reduite\/puis-je-voyager-avec-un-platre\/\" \/>\n<meta property=\"og:locale\" content=\"fr_FR\" \/>\n<meta property=\"og:type\" content=\"article\" \/>\n<meta property=\"og:title\" content=\"Puis-je voyager avec un pl\u00e2tre? - Corendon Service Client (FR)\" \/>\n<meta property=\"og:description\" content=\"Lorsque vous prenez l&#8217;avion avec un pl\u00e2tre, faites attention aux diff\u00e9rences de pression dans la cabine. Les pl\u00e2tres ferm\u00e9s peuvent devenir plus serr\u00e9s en raison du gonflement des mains et des pieds. Envisagez de contacter votre sp\u00e9cialiste (ayant plac\u00e9 le pl\u00e2tre ou m\u00e9decin) pour trouver une solution telle qu&#8217;une attelle, une orth\u00e8se ou un pl\u00e2tre [&hellip;]\" \/>\n<meta property=\"og:url\" content=\"https:\/\/klantenservice.corendon.nl\/cbe-fr\/mobilite-reduite\/puis-je-voyager-avec-un-platre\/\" \/>\n<meta property=\"og:site_name\" content=\"Corendon Service Client (FR)\" \/>\n<meta property=\"article:published_time\" content=\"2024-06-12T13:25:07+00:00\" \/>\n<meta property=\"article:modified_time\" content=\"2024-06-12T13:44:14+00:00\" \/>\n<meta name=\"author\" content=\"lisavanbruggen\" \/>\n<meta name=\"twitter:card\" content=\"summary_large_image\" \/>\n<meta name=\"twitter:label1\" content=\"Written by\" \/>\n\t<meta name=\"twitter:data1\" content=\"lisavanbruggen\" \/>\n\t<meta name=\"twitter:label2\" content=\"Est. reading time\" \/>\n\t<meta name=\"twitter:data2\" content=\"1 minute\" \/>\n<script type=\"application\/ld+json\" class=\"yoast-schema-graph\">{\"@context\":\"https:\/\/schema.org\",\"@graph\":[{\"@type\":\"WebPage\",\"@id\":\"https:\/\/klantenservice.corendon.nl\/cbe-fr\/mobilite-reduite\/puis-je-voyager-avec-un-platre\/\",\"url\":\"https:\/\/klantenservice.corendon.nl\/cbe-fr\/mobilite-reduite\/puis-je-voyager-avec-un-platre\/\",\"name\":\"Puis-je voyager avec un pl\u00e2tre? - Corendon Service Client (FR)\",\"isPartOf\":{\"@id\":\"https:\/\/klantenservice.corendon.nl\/cbe-fr\/#website\"},\"datePublished\":\"2024-06-12T13:25:07+00:00\",\"dateModified\":\"2024-06-12T13:44:14+00:00\",\"author\":{\"@id\":\"https:\/\/klantenservice.corendon.nl\/cbe-fr\/#\/schema\/person\/c30fb1c442895151482e198d244c5ee3\"},\"breadcrumb\":{\"@id\":\"https:\/\/klantenservice.corendon.nl\/cbe-fr\/mobilite-reduite\/puis-je-voyager-avec-un-platre\/#breadcrumb\"},\"inLanguage\":\"fr-FR\",\"potentialAction\":[{\"@type\":\"ReadAction\",\"target\":[\"https:\/\/klantenservice.corendon.nl\/cbe-fr\/mobilite-reduite\/puis-je-voyager-avec-un-platre\/\"]}]},{\"@type\":\"BreadcrumbList\",\"@id\":\"https:\/\/klantenservice.corendon.nl\/cbe-fr\/mobilite-reduite\/puis-je-voyager-avec-un-platre\/#breadcrumb\",\"itemListElement\":[{\"@type\":\"ListItem\",\"position\":1,\"name\":\"Home\",\"item\":\"https:\/\/klantenservice.corendon.nl\/cbe-fr\/\"},{\"@type\":\"ListItem\",\"position\":2,\"name\":\"Puis-je voyager avec un pl\u00e2tre?\"}]},{\"@type\":\"WebSite\",\"@id\":\"https:\/\/klantenservice.corendon.nl\/cbe-fr\/#website\",\"url\":\"https:\/\/klantenservice.corendon.nl\/cbe-fr\/\",\"name\":\"Corendon Service Client (FR)\",\"description\":\"Op deze pagina vindt u vrijwel alle antwoorden op vragen met betrekking tot het boeken van uw vakantie\",\"potentialAction\":[{\"@type\":\"SearchAction\",\"target\":{\"@type\":\"EntryPoint\",\"urlTemplate\":\"https:\/\/klantenservice.corendon.nl\/cbe-fr\/?s={search_term_string}\"},\"query-input\":{\"@type\":\"PropertyValueSpecification\",\"valueRequired\":true,\"valueName\":\"search_term_string\"}}],\"inLanguage\":\"fr-FR\"},{\"@type\":\"Person\",\"@id\":\"https:\/\/klantenservice.corendon.nl\/cbe-fr\/#\/schema\/person\/c30fb1c442895151482e198d244c5ee3\",\"name\":\"lisavanbruggen\",\"image\":{\"@type\":\"ImageObject\",\"inLanguage\":\"fr-FR\",\"@id\":\"https:\/\/klantenservice.corendon.nl\/cbe-fr\/#\/schema\/person\/image\/\",\"url\":\"https:\/\/secure.gravatar.com\/avatar\/7780610b38b8509dc139c6334262a261bc2660a02eebea76db7ac50ec657799f?s=96&d=mm&r=g\",\"contentUrl\":\"https:\/\/secure.gravatar.com\/avatar\/7780610b38b8509dc139c6334262a261bc2660a02eebea76db7ac50ec657799f?s=96&d=mm&r=g\",\"caption\":\"lisavanbruggen\"},\"url\":\"https:\/\/klantenservice.corendon.nl\/cbe-fr\/author\/lisavanbruggen\/\"}]}<\/script>\n<!-- \/ Yoast SEO plugin. -->","yoast_head_json":{"title":"Puis-je voyager avec un pl\u00e2tre? - Corendon Service Client (FR)","robots":{"index":"index","follow":"follow","max-snippet":"max-snippet:-1","max-image-preview":"max-image-preview:large","max-video-preview":"max-video-preview:-1"},"canonical":"https:\/\/fr.corendon.be\/poser\/mobilite-reduite\/puis-je-voyager-avec-un-platre\/","og_locale":"fr_FR","og_type":"article","og_title":"Puis-je voyager avec un pl\u00e2tre? - Corendon Service Client (FR)","og_description":"Lorsque vous prenez l&#8217;avion avec un pl\u00e2tre, faites attention aux diff\u00e9rences de pression dans la cabine. Les pl\u00e2tres ferm\u00e9s peuvent devenir plus serr\u00e9s en raison du gonflement des mains et des pieds. Envisagez de contacter votre sp\u00e9cialiste (ayant plac\u00e9 le pl\u00e2tre ou m\u00e9decin) pour trouver une solution telle qu&#8217;une attelle, une orth\u00e8se ou un pl\u00e2tre [&hellip;]","og_url":"https:\/\/klantenservice.corendon.nl\/cbe-fr\/mobilite-reduite\/puis-je-voyager-avec-un-platre\/","og_site_name":"Corendon Service Client (FR)","article_published_time":"2024-06-12T13:25:07+00:00","article_modified_time":"2024-06-12T13:44:14+00:00","author":"lisavanbruggen","twitter_card":"summary_large_image","twitter_misc":{"Written by":"lisavanbruggen","Est. reading time":"1 minute"},"schema":{"@context":"https:\/\/schema.org","@graph":[{"@type":"WebPage","@id":"https:\/\/klantenservice.corendon.nl\/cbe-fr\/mobilite-reduite\/puis-je-voyager-avec-un-platre\/","url":"https:\/\/klantenservice.corendon.nl\/cbe-fr\/mobilite-reduite\/puis-je-voyager-avec-un-platre\/","name":"Puis-je voyager avec un pl\u00e2tre? - Corendon Service Client (FR)","isPartOf":{"@id":"https:\/\/klantenservice.corendon.nl\/cbe-fr\/#website"},"datePublished":"2024-06-12T13:25:07+00:00","dateModified":"2024-06-12T13:44:14+00:00","author":{"@id":"https:\/\/klantenservice.corendon.nl\/cbe-fr\/#\/schema\/person\/c30fb1c442895151482e198d244c5ee3"},"breadcrumb":{"@id":"https:\/\/klantenservice.corendon.nl\/cbe-fr\/mobilite-reduite\/puis-je-voyager-avec-un-platre\/#breadcrumb"},"inLanguage":"fr-FR","potentialAction":[{"@type":"ReadAction","target":["https:\/\/klantenservice.corendon.nl\/cbe-fr\/mobilite-reduite\/puis-je-voyager-avec-un-platre\/"]}]},{"@type":"BreadcrumbList","@id":"https:\/\/klantenservice.corendon.nl\/cbe-fr\/mobilite-reduite\/puis-je-voyager-avec-un-platre\/#breadcrumb","itemListElement":[{"@type":"ListItem","position":1,"name":"Home","item":"https:\/\/klantenservice.corendon.nl\/cbe-fr\/"},{"@type":"ListItem","position":2,"name":"Puis-je voyager avec un pl\u00e2tre?"}]},{"@type":"WebSite","@id":"https:\/\/klantenservice.corendon.nl\/cbe-fr\/#website","url":"https:\/\/klantenservice.corendon.nl\/cbe-fr\/","name":"Corendon Service Client (FR)","description":"Op deze pagina vindt u vrijwel alle antwoorden op vragen met betrekking tot het boeken van uw vakantie","potentialAction":[{"@type":"SearchAction","target":{"@type":"EntryPoint","urlTemplate":"https:\/\/klantenservice.corendon.nl\/cbe-fr\/?s={search_term_string}"},"query-input":{"@type":"PropertyValueSpecification","valueRequired":true,"valueName":"search_term_string"}}],"inLanguage":"fr-FR"},{"@type":"Person","@id":"https:\/\/klantenservice.corendon.nl\/cbe-fr\/#\/schema\/person\/c30fb1c442895151482e198d244c5ee3","name":"lisavanbruggen","image":{"@type":"ImageObject","inLanguage":"fr-FR","@id":"https:\/\/klantenservice.corendon.nl\/cbe-fr\/#\/schema\/person\/image\/","url":"https:\/\/secure.gravatar.com\/avatar\/7780610b38b8509dc139c6334262a261bc2660a02eebea76db7ac50ec657799f?s=96&d=mm&r=g","contentUrl":"https:\/\/secure.gravatar.com\/avatar\/7780610b38b8509dc139c6334262a261bc2660a02eebea76db7ac50ec657799f?s=96&d=mm&r=g","caption":"lisavanbruggen"},"url":"https:\/\/klantenservice.corendon.nl\/cbe-fr\/author\/lisavanbruggen\/"}]}},"_links":{"self":[{"href":"https:\/\/klantenservice.corendon.nl\/cbe-fr\/wp-json\/wp\/v2\/posts\/2818","targetHints":{"allow":["GET"]}}],"collection":[{"href":"https:\/\/klantenservice.corendon.nl\/cbe-fr\/wp-json\/wp\/v2\/posts"}],"about":[{"href":"https:\/\/klantenservice.corendon.nl\/cbe-fr\/wp-json\/wp\/v2\/types\/post"}],"author":[{"embeddable":true,"href":"https:\/\/klantenservice.corendon.nl\/cbe-fr\/wp-json\/wp\/v2\/users\/46"}],"replies":[{"embeddable":true,"href":"https:\/\/klantenservice.corendon.nl\/cbe-fr\/wp-json\/wp\/v2\/comments?post=2818"}],"version-history":[{"count":2,"href":"https:\/\/klantenservice.corendon.nl\/cbe-fr\/wp-json\/wp\/v2\/posts\/2818\/revisions"}],"predecessor-version":[{"id":2828,"href":"https:\/\/klantenservice.corendon.nl\/cbe-fr\/wp-json\/wp\/v2\/posts\/2818\/revisions\/2828"}],"wp:attachment":[{"href":"https:\/\/klantenservice.corendon.nl\/cbe-fr\/wp-json\/wp\/v2\/media?parent=2818"}],"wp:term":[{"taxonomy":"category","embeddable":true,"href":"https:\/\/klantenservice.corendon.nl\/cbe-fr\/wp-json\/wp\/v2\/categories?post=2818"},{"taxonomy":"post_tag","embeddable":true,"href":"https:\/\/klantenservice.corendon.nl\/cbe-fr\/wp-json\/wp\/v2\/tags?post=2818"}],"curies":[{"name":"wp","href":"https:\/\/api.w.org\/{rel}","templated":true}]}}