{"id":2611,"date":"2024-05-07T12:09:50","date_gmt":"2024-05-07T11:09:50","guid":{"rendered":"https:\/\/klantenservice.corendon.nl\/cbe-fr\/?p=2611"},"modified":"2026-03-31T21:56:53","modified_gmt":"2026-03-31T20:56:53","slug":"je-vole-avec-corendon-comment-et-a-partir-de-quand-puis-je-reserver-un-siege","status":"publish","type":"post","link":"https:\/\/klantenservice.corendon.nl\/cbe-fr\/reservation-de-siege\/je-vole-avec-corendon-comment-et-a-partir-de-quand-puis-je-reserver-un-siege\/","title":{"rendered":"Je vole avec Corendon, comment et \u00e0 partir de quand puis-je r\u00e9server un si\u00e8ge ?"},"content":{"rendered":"<ul>\n<li>Sur tous les vols de Corendon, moyennant des frais, il est possible de r\u00e9server des si\u00e8ges de six semaines \u00e0 cinq heures avant le d\u00e9part.<\/li>\n<li>Pour les vols \u00e0 destination de Cura\u00e7ao et de Bonaire, les si\u00e8ges peuvent \u00eatre r\u00e9serv\u00e9s imm\u00e9diatement apr\u00e8s la r\u00e9servation.<\/li>\n<li>Si vous faites une r\u00e9servation pour un d\u00e9part dans les 6 semaines, vous pouvez r\u00e9server un si\u00e8ge apr\u00e8s environ 3 heures.<\/li>\n<li>Sur nos vols, nous disposons \u00e9galement de si\u00e8ges avec plus d&#8217;espace pour les jambes.<\/li>\n<li>Pour r\u00e9server un si\u00e8ge, consultez le site web <a href=\"https:\/\/www.corendonairlines.com\/book-and-manage\/manage-your-booking\">corendonairlines.com<\/a><\/li>\n<li>Si vous ne souhaitez pas r\u00e9server de si\u00e8ge, celui-ci vous sera attribu\u00e9 automatiquement lors de l&#8217;enregistrement en ligne, mais il n&#8217;est pas garanti que les si\u00e8ges soient plac\u00e9s c\u00f4te \u00e0 c\u00f4te.<\/li>\n<\/ul>\n","protected":false},"excerpt":{"rendered":"<p>Sur tous les vols de Corendon, moyennant des frais, il est possible de r\u00e9server des si\u00e8ges de six semaines \u00e0 cinq heures avant le d\u00e9part. Pour les vols \u00e0 destination de Cura\u00e7ao et de Bonaire, les si\u00e8ges peuvent \u00eatre r\u00e9serv\u00e9s imm\u00e9diatement apr\u00e8s la r\u00e9servation. Si vous faites une r\u00e9servation pour un d\u00e9part dans les 6 [&hellip;]<\/p>\n","protected":false},"author":46,"featured_media":0,"comment_status":"closed","ping_status":"closed","sticky":false,"template":"","format":"standard","meta":{"footnotes":""},"categories":[435],"tags":[],"class_list":["post-2611","post","type-post","status-publish","format-standard","hentry","category-reservation-de-siege"],"yoast_head":"<!-- This site is optimized with the Yoast SEO plugin v26.0 - https:\/\/yoast.com\/wordpress\/plugins\/seo\/ -->\n<title>Je vole avec Corendon, comment et \u00e0 partir de quand puis-je r\u00e9server un si\u00e8ge ? - Corendon Service Client (FR)<\/title>\n<meta name=\"robots\" content=\"index, follow, max-snippet:-1, max-image-preview:large, max-video-preview:-1\" \/>\n<link rel=\"canonical\" href=\"https:\/\/fr.corendon.be\/poser\/reservation-de-siege\/je-vole-avec-corendon-comment-et-a-partir-de-quand-puis-je-reserver-un-siege\/\" \/>\n<meta property=\"og:locale\" content=\"fr_FR\" \/>\n<meta property=\"og:type\" content=\"article\" \/>\n<meta property=\"og:title\" content=\"Je vole avec Corendon, comment et \u00e0 partir de quand puis-je r\u00e9server un si\u00e8ge ? - Corendon Service Client (FR)\" \/>\n<meta property=\"og:description\" content=\"Sur tous les vols de Corendon, moyennant des frais, il est possible de r\u00e9server des si\u00e8ges de six semaines \u00e0 cinq heures avant le d\u00e9part. Pour les vols \u00e0 destination de Cura\u00e7ao et de Bonaire, les si\u00e8ges peuvent \u00eatre r\u00e9serv\u00e9s imm\u00e9diatement apr\u00e8s la r\u00e9servation. Si vous faites une r\u00e9servation pour un d\u00e9part dans les 6 [&hellip;]\" \/>\n<meta property=\"og:url\" content=\"https:\/\/klantenservice.corendon.nl\/cbe-fr\/reservation-de-siege\/je-vole-avec-corendon-comment-et-a-partir-de-quand-puis-je-reserver-un-siege\/\" \/>\n<meta property=\"og:site_name\" content=\"Corendon Service Client (FR)\" \/>\n<meta property=\"article:published_time\" content=\"2024-05-07T11:09:50+00:00\" \/>\n<meta property=\"article:modified_time\" content=\"2026-03-31T20:56:53+00:00\" \/>\n<meta name=\"author\" content=\"lisavanbruggen\" \/>\n<meta name=\"twitter:card\" content=\"summary_large_image\" \/>\n<meta name=\"twitter:label1\" content=\"Written by\" \/>\n\t<meta name=\"twitter:data1\" content=\"lisavanbruggen\" \/>\n\t<meta name=\"twitter:label2\" content=\"Est. reading time\" \/>\n\t<meta name=\"twitter:data2\" content=\"1 minute\" \/>\n<script type=\"application\/ld+json\" class=\"yoast-schema-graph\">{\"@context\":\"https:\/\/schema.org\",\"@graph\":[{\"@type\":\"WebPage\",\"@id\":\"https:\/\/klantenservice.corendon.nl\/cbe-fr\/reservation-de-siege\/je-vole-avec-corendon-comment-et-a-partir-de-quand-puis-je-reserver-un-siege\/\",\"url\":\"https:\/\/klantenservice.corendon.nl\/cbe-fr\/reservation-de-siege\/je-vole-avec-corendon-comment-et-a-partir-de-quand-puis-je-reserver-un-siege\/\",\"name\":\"Je vole avec Corendon, comment et \u00e0 partir de quand puis-je r\u00e9server un si\u00e8ge ? - Corendon Service Client (FR)\",\"isPartOf\":{\"@id\":\"https:\/\/klantenservice.corendon.nl\/cbe-fr\/#website\"},\"datePublished\":\"2024-05-07T11:09:50+00:00\",\"dateModified\":\"2026-03-31T20:56:53+00:00\",\"author\":{\"@id\":\"https:\/\/klantenservice.corendon.nl\/cbe-fr\/#\/schema\/person\/c30fb1c442895151482e198d244c5ee3\"},\"breadcrumb\":{\"@id\":\"https:\/\/klantenservice.corendon.nl\/cbe-fr\/reservation-de-siege\/je-vole-avec-corendon-comment-et-a-partir-de-quand-puis-je-reserver-un-siege\/#breadcrumb\"},\"inLanguage\":\"fr-FR\",\"potentialAction\":[{\"@type\":\"ReadAction\",\"target\":[\"https:\/\/klantenservice.corendon.nl\/cbe-fr\/reservation-de-siege\/je-vole-avec-corendon-comment-et-a-partir-de-quand-puis-je-reserver-un-siege\/\"]}]},{\"@type\":\"BreadcrumbList\",\"@id\":\"https:\/\/klantenservice.corendon.nl\/cbe-fr\/reservation-de-siege\/je-vole-avec-corendon-comment-et-a-partir-de-quand-puis-je-reserver-un-siege\/#breadcrumb\",\"itemListElement\":[{\"@type\":\"ListItem\",\"position\":1,\"name\":\"Home\",\"item\":\"https:\/\/klantenservice.corendon.nl\/cbe-fr\/\"},{\"@type\":\"ListItem\",\"position\":2,\"name\":\"Je vole avec Corendon, comment et \u00e0 partir de quand puis-je r\u00e9server un si\u00e8ge ?\"}]},{\"@type\":\"WebSite\",\"@id\":\"https:\/\/klantenservice.corendon.nl\/cbe-fr\/#website\",\"url\":\"https:\/\/klantenservice.corendon.nl\/cbe-fr\/\",\"name\":\"Corendon Service Client (FR)\",\"description\":\"Op deze pagina vindt u vrijwel alle antwoorden op vragen met betrekking tot het boeken van uw vakantie\",\"potentialAction\":[{\"@type\":\"SearchAction\",\"target\":{\"@type\":\"EntryPoint\",\"urlTemplate\":\"https:\/\/klantenservice.corendon.nl\/cbe-fr\/?s={search_term_string}\"},\"query-input\":{\"@type\":\"PropertyValueSpecification\",\"valueRequired\":true,\"valueName\":\"search_term_string\"}}],\"inLanguage\":\"fr-FR\"},{\"@type\":\"Person\",\"@id\":\"https:\/\/klantenservice.corendon.nl\/cbe-fr\/#\/schema\/person\/c30fb1c442895151482e198d244c5ee3\",\"name\":\"lisavanbruggen\",\"image\":{\"@type\":\"ImageObject\",\"inLanguage\":\"fr-FR\",\"@id\":\"https:\/\/klantenservice.corendon.nl\/cbe-fr\/#\/schema\/person\/image\/\",\"url\":\"https:\/\/secure.gravatar.com\/avatar\/7780610b38b8509dc139c6334262a261bc2660a02eebea76db7ac50ec657799f?s=96&d=mm&r=g\",\"contentUrl\":\"https:\/\/secure.gravatar.com\/avatar\/7780610b38b8509dc139c6334262a261bc2660a02eebea76db7ac50ec657799f?s=96&d=mm&r=g\",\"caption\":\"lisavanbruggen\"},\"url\":\"https:\/\/klantenservice.corendon.nl\/cbe-fr\/author\/lisavanbruggen\/\"}]}<\/script>\n<!-- \/ Yoast SEO plugin. -->","yoast_head_json":{"title":"Je vole avec Corendon, comment et \u00e0 partir de quand puis-je r\u00e9server un si\u00e8ge ? - Corendon Service Client (FR)","robots":{"index":"index","follow":"follow","max-snippet":"max-snippet:-1","max-image-preview":"max-image-preview:large","max-video-preview":"max-video-preview:-1"},"canonical":"https:\/\/fr.corendon.be\/poser\/reservation-de-siege\/je-vole-avec-corendon-comment-et-a-partir-de-quand-puis-je-reserver-un-siege\/","og_locale":"fr_FR","og_type":"article","og_title":"Je vole avec Corendon, comment et \u00e0 partir de quand puis-je r\u00e9server un si\u00e8ge ? - Corendon Service Client (FR)","og_description":"Sur tous les vols de Corendon, moyennant des frais, il est possible de r\u00e9server des si\u00e8ges de six semaines \u00e0 cinq heures avant le d\u00e9part. Pour les vols \u00e0 destination de Cura\u00e7ao et de Bonaire, les si\u00e8ges peuvent \u00eatre r\u00e9serv\u00e9s imm\u00e9diatement apr\u00e8s la r\u00e9servation. Si vous faites une r\u00e9servation pour un d\u00e9part dans les 6 [&hellip;]","og_url":"https:\/\/klantenservice.corendon.nl\/cbe-fr\/reservation-de-siege\/je-vole-avec-corendon-comment-et-a-partir-de-quand-puis-je-reserver-un-siege\/","og_site_name":"Corendon Service Client (FR)","article_published_time":"2024-05-07T11:09:50+00:00","article_modified_time":"2026-03-31T20:56:53+00:00","author":"lisavanbruggen","twitter_card":"summary_large_image","twitter_misc":{"Written by":"lisavanbruggen","Est. reading time":"1 minute"},"schema":{"@context":"https:\/\/schema.org","@graph":[{"@type":"WebPage","@id":"https:\/\/klantenservice.corendon.nl\/cbe-fr\/reservation-de-siege\/je-vole-avec-corendon-comment-et-a-partir-de-quand-puis-je-reserver-un-siege\/","url":"https:\/\/klantenservice.corendon.nl\/cbe-fr\/reservation-de-siege\/je-vole-avec-corendon-comment-et-a-partir-de-quand-puis-je-reserver-un-siege\/","name":"Je vole avec Corendon, comment et \u00e0 partir de quand puis-je r\u00e9server un si\u00e8ge ? - Corendon Service Client (FR)","isPartOf":{"@id":"https:\/\/klantenservice.corendon.nl\/cbe-fr\/#website"},"datePublished":"2024-05-07T11:09:50+00:00","dateModified":"2026-03-31T20:56:53+00:00","author":{"@id":"https:\/\/klantenservice.corendon.nl\/cbe-fr\/#\/schema\/person\/c30fb1c442895151482e198d244c5ee3"},"breadcrumb":{"@id":"https:\/\/klantenservice.corendon.nl\/cbe-fr\/reservation-de-siege\/je-vole-avec-corendon-comment-et-a-partir-de-quand-puis-je-reserver-un-siege\/#breadcrumb"},"inLanguage":"fr-FR","potentialAction":[{"@type":"ReadAction","target":["https:\/\/klantenservice.corendon.nl\/cbe-fr\/reservation-de-siege\/je-vole-avec-corendon-comment-et-a-partir-de-quand-puis-je-reserver-un-siege\/"]}]},{"@type":"BreadcrumbList","@id":"https:\/\/klantenservice.corendon.nl\/cbe-fr\/reservation-de-siege\/je-vole-avec-corendon-comment-et-a-partir-de-quand-puis-je-reserver-un-siege\/#breadcrumb","itemListElement":[{"@type":"ListItem","position":1,"name":"Home","item":"https:\/\/klantenservice.corendon.nl\/cbe-fr\/"},{"@type":"ListItem","position":2,"name":"Je vole avec Corendon, comment et \u00e0 partir de quand puis-je r\u00e9server un si\u00e8ge ?"}]},{"@type":"WebSite","@id":"https:\/\/klantenservice.corendon.nl\/cbe-fr\/#website","url":"https:\/\/klantenservice.corendon.nl\/cbe-fr\/","name":"Corendon Service Client (FR)","description":"Op deze pagina vindt u vrijwel alle antwoorden op vragen met betrekking tot het boeken van uw vakantie","potentialAction":[{"@type":"SearchAction","target":{"@type":"EntryPoint","urlTemplate":"https:\/\/klantenservice.corendon.nl\/cbe-fr\/?s={search_term_string}"},"query-input":{"@type":"PropertyValueSpecification","valueRequired":true,"valueName":"search_term_string"}}],"inLanguage":"fr-FR"},{"@type":"Person","@id":"https:\/\/klantenservice.corendon.nl\/cbe-fr\/#\/schema\/person\/c30fb1c442895151482e198d244c5ee3","name":"lisavanbruggen","image":{"@type":"ImageObject","inLanguage":"fr-FR","@id":"https:\/\/klantenservice.corendon.nl\/cbe-fr\/#\/schema\/person\/image\/","url":"https:\/\/secure.gravatar.com\/avatar\/7780610b38b8509dc139c6334262a261bc2660a02eebea76db7ac50ec657799f?s=96&d=mm&r=g","contentUrl":"https:\/\/secure.gravatar.com\/avatar\/7780610b38b8509dc139c6334262a261bc2660a02eebea76db7ac50ec657799f?s=96&d=mm&r=g","caption":"lisavanbruggen"},"url":"https:\/\/klantenservice.corendon.nl\/cbe-fr\/author\/lisavanbruggen\/"}]}},"_links":{"self":[{"href":"https:\/\/klantenservice.corendon.nl\/cbe-fr\/wp-json\/wp\/v2\/posts\/2611","targetHints":{"allow":["GET"]}}],"collection":[{"href":"https:\/\/klantenservice.corendon.nl\/cbe-fr\/wp-json\/wp\/v2\/posts"}],"about":[{"href":"https:\/\/klantenservice.corendon.nl\/cbe-fr\/wp-json\/wp\/v2\/types\/post"}],"author":[{"embeddable":true,"href":"https:\/\/klantenservice.corendon.nl\/cbe-fr\/wp-json\/wp\/v2\/users\/46"}],"replies":[{"embeddable":true,"href":"https:\/\/klantenservice.corendon.nl\/cbe-fr\/wp-json\/wp\/v2\/comments?post=2611"}],"version-history":[{"count":3,"href":"https:\/\/klantenservice.corendon.nl\/cbe-fr\/wp-json\/wp\/v2\/posts\/2611\/revisions"}],"predecessor-version":[{"id":3140,"href":"https:\/\/klantenservice.corendon.nl\/cbe-fr\/wp-json\/wp\/v2\/posts\/2611\/revisions\/3140"}],"wp:attachment":[{"href":"https:\/\/klantenservice.corendon.nl\/cbe-fr\/wp-json\/wp\/v2\/media?parent=2611"}],"wp:term":[{"taxonomy":"category","embeddable":true,"href":"https:\/\/klantenservice.corendon.nl\/cbe-fr\/wp-json\/wp\/v2\/categories?post=2611"},{"taxonomy":"post_tag","embeddable":true,"href":"https:\/\/klantenservice.corendon.nl\/cbe-fr\/wp-json\/wp\/v2\/tags?post=2611"}],"curies":[{"name":"wp","href":"https:\/\/api.w.org\/{rel}","templated":true}]}}