{"id":1447,"date":"2019-12-03T11:25:42","date_gmt":"2019-12-03T10:25:42","guid":{"rendered":"http:\/\/klantenservice.corendon.nl\/cbe-fr\/?p=1447"},"modified":"2024-05-07T12:58:41","modified_gmt":"2024-05-07T11:58:41","slug":"chambre-avec-vue-laterale-sur-la-mer","status":"publish","type":"post","link":"https:\/\/klantenservice.corendon.nl\/cbe-fr\/hebergement\/chambre-avec-vue-laterale-sur-la-mer\/","title":{"rendered":"Chambre avec vue (lat\u00e9rale) sur la mer"},"content":{"rendered":"\n<p>Si vous r\u00e9servez une chambre avec vue sur la mer, cela ne signifie pas toujours que votre chambre a une vue frontale sur la mer. Les chambres avec vue partielle sur la mer ou vue lat\u00e9rale sur la mer sont \u00e9galement r\u00e9pertori\u00e9es comme chambres avec vue sur la mer. <\/p>\n","protected":false},"excerpt":{"rendered":"<p>Si vous r\u00e9servez une chambre avec vue sur la mer, cela ne signifie pas toujours que votre chambre a une vue frontale sur la mer. Les chambres avec vue partielle sur la mer ou vue lat\u00e9rale sur la mer sont \u00e9galement r\u00e9pertori\u00e9es comme chambres avec vue sur la mer.<\/p>\n","protected":false},"author":8,"featured_media":0,"comment_status":"closed","ping_status":"closed","sticky":false,"template":"","format":"standard","meta":{"footnotes":""},"categories":[440],"tags":[],"class_list":["post-1447","post","type-post","status-publish","format-standard","hentry","category-hebergement"],"yoast_head":"<!-- This site is optimized with the Yoast SEO plugin v26.0 - https:\/\/yoast.com\/wordpress\/plugins\/seo\/ -->\n<title>Chambre avec vue (lat\u00e9rale) sur la mer - Corendon Service Client (FR)<\/title>\n<meta name=\"robots\" content=\"index, follow, max-snippet:-1, max-image-preview:large, max-video-preview:-1\" \/>\n<link rel=\"canonical\" href=\"https:\/\/fr.corendon.be\/poser\/hebergement\/chambre-avec-vue-laterale-sur-la-mer\/\" \/>\n<meta property=\"og:locale\" content=\"fr_FR\" \/>\n<meta property=\"og:type\" content=\"article\" \/>\n<meta property=\"og:title\" content=\"Chambre avec vue (lat\u00e9rale) sur la mer - Corendon Service Client (FR)\" \/>\n<meta property=\"og:description\" content=\"Si vous r\u00e9servez une chambre avec vue sur la mer, cela ne signifie pas toujours que votre chambre a une vue frontale sur la mer. Les chambres avec vue partielle sur la mer ou vue lat\u00e9rale sur la mer sont \u00e9galement r\u00e9pertori\u00e9es comme chambres avec vue sur la mer.\" \/>\n<meta property=\"og:url\" content=\"https:\/\/klantenservice.corendon.nl\/cbe-fr\/hebergement\/chambre-avec-vue-laterale-sur-la-mer\/\" \/>\n<meta property=\"og:site_name\" content=\"Corendon Service Client (FR)\" \/>\n<meta property=\"article:published_time\" content=\"2019-12-03T10:25:42+00:00\" \/>\n<meta property=\"article:modified_time\" content=\"2024-05-07T11:58:41+00:00\" \/>\n<meta name=\"author\" content=\"Jeroen van Dam\" \/>\n<meta name=\"twitter:card\" content=\"summary_large_image\" \/>\n<meta name=\"twitter:label1\" content=\"Written by\" \/>\n\t<meta name=\"twitter:data1\" content=\"Jeroen van Dam\" \/>\n<script type=\"application\/ld+json\" class=\"yoast-schema-graph\">{\"@context\":\"https:\/\/schema.org\",\"@graph\":[{\"@type\":\"WebPage\",\"@id\":\"https:\/\/klantenservice.corendon.nl\/cbe-fr\/hebergement\/chambre-avec-vue-laterale-sur-la-mer\/\",\"url\":\"https:\/\/klantenservice.corendon.nl\/cbe-fr\/hebergement\/chambre-avec-vue-laterale-sur-la-mer\/\",\"name\":\"Chambre avec vue (lat\u00e9rale) sur la mer - Corendon Service Client (FR)\",\"isPartOf\":{\"@id\":\"https:\/\/klantenservice.corendon.nl\/cbe-fr\/#website\"},\"datePublished\":\"2019-12-03T10:25:42+00:00\",\"dateModified\":\"2024-05-07T11:58:41+00:00\",\"author\":{\"@id\":\"https:\/\/klantenservice.corendon.nl\/cbe-fr\/#\/schema\/person\/4aca34441293767c34c5c8871e076dfc\"},\"breadcrumb\":{\"@id\":\"https:\/\/klantenservice.corendon.nl\/cbe-fr\/hebergement\/chambre-avec-vue-laterale-sur-la-mer\/#breadcrumb\"},\"inLanguage\":\"fr-FR\",\"potentialAction\":[{\"@type\":\"ReadAction\",\"target\":[\"https:\/\/klantenservice.corendon.nl\/cbe-fr\/hebergement\/chambre-avec-vue-laterale-sur-la-mer\/\"]}]},{\"@type\":\"BreadcrumbList\",\"@id\":\"https:\/\/klantenservice.corendon.nl\/cbe-fr\/hebergement\/chambre-avec-vue-laterale-sur-la-mer\/#breadcrumb\",\"itemListElement\":[{\"@type\":\"ListItem\",\"position\":1,\"name\":\"Home\",\"item\":\"https:\/\/klantenservice.corendon.nl\/cbe-fr\/\"},{\"@type\":\"ListItem\",\"position\":2,\"name\":\"Chambre avec vue (lat\u00e9rale) sur la mer\"}]},{\"@type\":\"WebSite\",\"@id\":\"https:\/\/klantenservice.corendon.nl\/cbe-fr\/#website\",\"url\":\"https:\/\/klantenservice.corendon.nl\/cbe-fr\/\",\"name\":\"Corendon Service Client (FR)\",\"description\":\"Op deze pagina vindt u vrijwel alle antwoorden op vragen met betrekking tot het boeken van uw vakantie\",\"potentialAction\":[{\"@type\":\"SearchAction\",\"target\":{\"@type\":\"EntryPoint\",\"urlTemplate\":\"https:\/\/klantenservice.corendon.nl\/cbe-fr\/?s={search_term_string}\"},\"query-input\":{\"@type\":\"PropertyValueSpecification\",\"valueRequired\":true,\"valueName\":\"search_term_string\"}}],\"inLanguage\":\"fr-FR\"},{\"@type\":\"Person\",\"@id\":\"https:\/\/klantenservice.corendon.nl\/cbe-fr\/#\/schema\/person\/4aca34441293767c34c5c8871e076dfc\",\"name\":\"Jeroen van Dam\",\"image\":{\"@type\":\"ImageObject\",\"inLanguage\":\"fr-FR\",\"@id\":\"https:\/\/klantenservice.corendon.nl\/cbe-fr\/#\/schema\/person\/image\/\",\"url\":\"https:\/\/secure.gravatar.com\/avatar\/875a4919bd728773ead41634e2e0b628a0a0c3a84ec53a35b22a5d80e32d03c0?s=96&d=mm&r=g\",\"contentUrl\":\"https:\/\/secure.gravatar.com\/avatar\/875a4919bd728773ead41634e2e0b628a0a0c3a84ec53a35b22a5d80e32d03c0?s=96&d=mm&r=g\",\"caption\":\"Jeroen van Dam\"},\"url\":\"https:\/\/klantenservice.corendon.nl\/cbe-fr\/author\/jeroenvandam\/\"}]}<\/script>\n<!-- \/ Yoast SEO plugin. -->","yoast_head_json":{"title":"Chambre avec vue (lat\u00e9rale) sur la mer - Corendon Service Client (FR)","robots":{"index":"index","follow":"follow","max-snippet":"max-snippet:-1","max-image-preview":"max-image-preview:large","max-video-preview":"max-video-preview:-1"},"canonical":"https:\/\/fr.corendon.be\/poser\/hebergement\/chambre-avec-vue-laterale-sur-la-mer\/","og_locale":"fr_FR","og_type":"article","og_title":"Chambre avec vue (lat\u00e9rale) sur la mer - Corendon Service Client (FR)","og_description":"Si vous r\u00e9servez une chambre avec vue sur la mer, cela ne signifie pas toujours que votre chambre a une vue frontale sur la mer. Les chambres avec vue partielle sur la mer ou vue lat\u00e9rale sur la mer sont \u00e9galement r\u00e9pertori\u00e9es comme chambres avec vue sur la mer.","og_url":"https:\/\/klantenservice.corendon.nl\/cbe-fr\/hebergement\/chambre-avec-vue-laterale-sur-la-mer\/","og_site_name":"Corendon Service Client (FR)","article_published_time":"2019-12-03T10:25:42+00:00","article_modified_time":"2024-05-07T11:58:41+00:00","author":"Jeroen van Dam","twitter_card":"summary_large_image","twitter_misc":{"Written by":"Jeroen van Dam"},"schema":{"@context":"https:\/\/schema.org","@graph":[{"@type":"WebPage","@id":"https:\/\/klantenservice.corendon.nl\/cbe-fr\/hebergement\/chambre-avec-vue-laterale-sur-la-mer\/","url":"https:\/\/klantenservice.corendon.nl\/cbe-fr\/hebergement\/chambre-avec-vue-laterale-sur-la-mer\/","name":"Chambre avec vue (lat\u00e9rale) sur la mer - Corendon Service Client (FR)","isPartOf":{"@id":"https:\/\/klantenservice.corendon.nl\/cbe-fr\/#website"},"datePublished":"2019-12-03T10:25:42+00:00","dateModified":"2024-05-07T11:58:41+00:00","author":{"@id":"https:\/\/klantenservice.corendon.nl\/cbe-fr\/#\/schema\/person\/4aca34441293767c34c5c8871e076dfc"},"breadcrumb":{"@id":"https:\/\/klantenservice.corendon.nl\/cbe-fr\/hebergement\/chambre-avec-vue-laterale-sur-la-mer\/#breadcrumb"},"inLanguage":"fr-FR","potentialAction":[{"@type":"ReadAction","target":["https:\/\/klantenservice.corendon.nl\/cbe-fr\/hebergement\/chambre-avec-vue-laterale-sur-la-mer\/"]}]},{"@type":"BreadcrumbList","@id":"https:\/\/klantenservice.corendon.nl\/cbe-fr\/hebergement\/chambre-avec-vue-laterale-sur-la-mer\/#breadcrumb","itemListElement":[{"@type":"ListItem","position":1,"name":"Home","item":"https:\/\/klantenservice.corendon.nl\/cbe-fr\/"},{"@type":"ListItem","position":2,"name":"Chambre avec vue (lat\u00e9rale) sur la mer"}]},{"@type":"WebSite","@id":"https:\/\/klantenservice.corendon.nl\/cbe-fr\/#website","url":"https:\/\/klantenservice.corendon.nl\/cbe-fr\/","name":"Corendon Service Client (FR)","description":"Op deze pagina vindt u vrijwel alle antwoorden op vragen met betrekking tot het boeken van uw vakantie","potentialAction":[{"@type":"SearchAction","target":{"@type":"EntryPoint","urlTemplate":"https:\/\/klantenservice.corendon.nl\/cbe-fr\/?s={search_term_string}"},"query-input":{"@type":"PropertyValueSpecification","valueRequired":true,"valueName":"search_term_string"}}],"inLanguage":"fr-FR"},{"@type":"Person","@id":"https:\/\/klantenservice.corendon.nl\/cbe-fr\/#\/schema\/person\/4aca34441293767c34c5c8871e076dfc","name":"Jeroen van Dam","image":{"@type":"ImageObject","inLanguage":"fr-FR","@id":"https:\/\/klantenservice.corendon.nl\/cbe-fr\/#\/schema\/person\/image\/","url":"https:\/\/secure.gravatar.com\/avatar\/875a4919bd728773ead41634e2e0b628a0a0c3a84ec53a35b22a5d80e32d03c0?s=96&d=mm&r=g","contentUrl":"https:\/\/secure.gravatar.com\/avatar\/875a4919bd728773ead41634e2e0b628a0a0c3a84ec53a35b22a5d80e32d03c0?s=96&d=mm&r=g","caption":"Jeroen van Dam"},"url":"https:\/\/klantenservice.corendon.nl\/cbe-fr\/author\/jeroenvandam\/"}]}},"_links":{"self":[{"href":"https:\/\/klantenservice.corendon.nl\/cbe-fr\/wp-json\/wp\/v2\/posts\/1447","targetHints":{"allow":["GET"]}}],"collection":[{"href":"https:\/\/klantenservice.corendon.nl\/cbe-fr\/wp-json\/wp\/v2\/posts"}],"about":[{"href":"https:\/\/klantenservice.corendon.nl\/cbe-fr\/wp-json\/wp\/v2\/types\/post"}],"author":[{"embeddable":true,"href":"https:\/\/klantenservice.corendon.nl\/cbe-fr\/wp-json\/wp\/v2\/users\/8"}],"replies":[{"embeddable":true,"href":"https:\/\/klantenservice.corendon.nl\/cbe-fr\/wp-json\/wp\/v2\/comments?post=1447"}],"version-history":[{"count":1,"href":"https:\/\/klantenservice.corendon.nl\/cbe-fr\/wp-json\/wp\/v2\/posts\/1447\/revisions"}],"predecessor-version":[{"id":1448,"href":"https:\/\/klantenservice.corendon.nl\/cbe-fr\/wp-json\/wp\/v2\/posts\/1447\/revisions\/1448"}],"wp:attachment":[{"href":"https:\/\/klantenservice.corendon.nl\/cbe-fr\/wp-json\/wp\/v2\/media?parent=1447"}],"wp:term":[{"taxonomy":"category","embeddable":true,"href":"https:\/\/klantenservice.corendon.nl\/cbe-fr\/wp-json\/wp\/v2\/categories?post=1447"},{"taxonomy":"post_tag","embeddable":true,"href":"https:\/\/klantenservice.corendon.nl\/cbe-fr\/wp-json\/wp\/v2\/tags?post=1447"}],"curies":[{"name":"wp","href":"https:\/\/api.w.org\/{rel}","templated":true}]}}